{"id":8030,"date":"2025-10-09T17:17:39","date_gmt":"2025-10-09T16:17:39","guid":{"rendered":"https:\/\/st-aignan-st-pierre.fr\/?p=8030"},"modified":"2026-01-21T17:25:01","modified_gmt":"2026-01-21T16:25:01","slug":"dictee-intergenerationnelle","status":"publish","type":"post","link":"https:\/\/st-aignan-st-pierre.fr\/?p=8030","title":{"rendered":"Dict\u00e9e interg\u00e9n\u00e9rationnelle"},"content":{"rendered":"<p>La dict\u00e9e interg\u00e9n\u00e9rationnelle s\u2019est pass\u00e9e avec les personnes \u00e2g\u00e9es de St Aignan de Grand Lieu .<br \/>\nElle a \u00e9t\u00e9 faite le jeudi 9 Octobre 2025 .<br \/>\nOn a fait une dict\u00e9e&nbsp; appel\u00e9e la dict\u00e9e interg\u00e9n\u00e9rationnelle.<br \/>\nDans notre groupe de 4 on bien aim\u00e9, surtout le go\u00fbter.<\/p>\n<p><em>Article r\u00e9dig\u00e9 par Soen, Malo, Sacha et Luka.<\/em><\/p>\n<p><a href=\"https:\/\/st-aignan-st-pierre.fr\/wp-content\/uploads\/2026\/01\/IMG_20251009_145831-scaled.jpg\"><img loading=\"lazy\" decoding=\"async\" class=\"alignnone size-medium wp-image-8031\" src=\"https:\/\/st-aignan-st-pierre.fr\/wp-content\/uploads\/2026\/01\/IMG_20251009_145831-300x225.jpg\" alt=\"\" width=\"300\" height=\"225\" srcset=\"https:\/\/st-aignan-st-pierre.fr\/wp-content\/uploads\/2026\/01\/IMG_20251009_145831-300x225.jpg 300w, https:\/\/st-aignan-st-pierre.fr\/wp-content\/uploads\/2026\/01\/IMG_20251009_145831-1024x768.jpg 1024w, https:\/\/st-aignan-st-pierre.fr\/wp-content\/uploads\/2026\/01\/IMG_20251009_145831-768x576.jpg 768w, https:\/\/st-aignan-st-pierre.fr\/wp-content\/uploads\/2026\/01\/IMG_20251009_145831-1536x1152.jpg 1536w, https:\/\/st-aignan-st-pierre.fr\/wp-content\/uploads\/2026\/01\/IMG_20251009_145831-2048x1536.jpg 2048w, https:\/\/st-aignan-st-pierre.fr\/wp-content\/uploads\/2026\/01\/IMG_20251009_145831-1440x1080.jpg 1440w\" sizes=\"(max-width: 300px) 100vw, 300px\" \/><\/a><a href=\"https:\/\/st-aignan-st-pierre.fr\/wp-content\/uploads\/2026\/01\/IMG_20251009_140841-scaled.jpg\"><img loading=\"lazy\" decoding=\"async\" class=\"alignnone size-medium wp-image-8032\" src=\"https:\/\/st-aignan-st-pierre.fr\/wp-content\/uploads\/2026\/01\/IMG_20251009_140841-300x225.jpg\" alt=\"\" width=\"300\" height=\"225\" srcset=\"https:\/\/st-aignan-st-pierre.fr\/wp-content\/uploads\/2026\/01\/IMG_20251009_140841-300x225.jpg 300w, https:\/\/st-aignan-st-pierre.fr\/wp-content\/uploads\/2026\/01\/IMG_20251009_140841-1024x768.jpg 1024w, https:\/\/st-aignan-st-pierre.fr\/wp-content\/uploads\/2026\/01\/IMG_20251009_140841-768x576.jpg 768w, https:\/\/st-aignan-st-pierre.fr\/wp-content\/uploads\/2026\/01\/IMG_20251009_140841-1536x1152.jpg 1536w, https:\/\/st-aignan-st-pierre.fr\/wp-content\/uploads\/2026\/01\/IMG_20251009_140841-2048x1536.jpg 2048w, https:\/\/st-aignan-st-pierre.fr\/wp-content\/uploads\/2026\/01\/IMG_20251009_140841-1440x1080.jpg 1440w\" sizes=\"(max-width: 300px) 100vw, 300px\" \/><\/a><\/p>\n","protected":false},"excerpt":{"rendered":"<p>La dict\u00e9e interg\u00e9n\u00e9rationnelle s\u2019est pass\u00e9e avec les personnes \u00e2g\u00e9es de St Aignan de Grand Lieu . Elle a \u00e9t\u00e9 faite le jeudi 9 Octobre 2025 . On a fait une dict\u00e9e&nbsp; appel\u00e9e la dict\u00e9e interg\u00e9n\u00e9rationnelle. Dans notre groupe de 4 on bien aim\u00e9, surtout le go\u00fbter. Article r\u00e9dig\u00e9 par Soen, Malo, Sacha et Luka.<\/p>\n","protected":false},"author":10,"featured_media":8032,"comment_status":"closed","ping_status":"closed","sticky":false,"template":"","format":"standard","meta":{"_monsterinsights_skip_tracking":false,"_monsterinsights_sitenote_active":false,"_monsterinsights_sitenote_note":"","_monsterinsights_sitenote_category":0,"ngg_post_thumbnail":0,"footnotes":""},"categories":[7],"tags":[],"class_list":["post-8030","post","type-post","status-publish","format-standard","has-post-thumbnail","hentry","category-cm1cm2"],"_links":{"self":[{"href":"https:\/\/st-aignan-st-pierre.fr\/index.php?rest_route=\/wp\/v2\/posts\/8030"}],"collection":[{"href":"https:\/\/st-aignan-st-pierre.fr\/index.php?rest_route=\/wp\/v2\/posts"}],"about":[{"href":"https:\/\/st-aignan-st-pierre.fr\/index.php?rest_route=\/wp\/v2\/types\/post"}],"author":[{"embeddable":true,"href":"https:\/\/st-aignan-st-pierre.fr\/index.php?rest_route=\/wp\/v2\/users\/10"}],"replies":[{"embeddable":true,"href":"https:\/\/st-aignan-st-pierre.fr\/index.php?rest_route=%2Fwp%2Fv2%2Fcomments&post=8030"}],"version-history":[{"count":1,"href":"https:\/\/st-aignan-st-pierre.fr\/index.php?rest_route=\/wp\/v2\/posts\/8030\/revisions"}],"predecessor-version":[{"id":8033,"href":"https:\/\/st-aignan-st-pierre.fr\/index.php?rest_route=\/wp\/v2\/posts\/8030\/revisions\/8033"}],"wp:featuredmedia":[{"embeddable":true,"href":"https:\/\/st-aignan-st-pierre.fr\/index.php?rest_route=\/wp\/v2\/media\/8032"}],"wp:attachment":[{"href":"https:\/\/st-aignan-st-pierre.fr\/index.php?rest_route=%2Fwp%2Fv2%2Fmedia&parent=8030"}],"wp:term":[{"taxonomy":"category","embeddable":true,"href":"https:\/\/st-aignan-st-pierre.fr\/index.php?rest_route=%2Fwp%2Fv2%2Fcategories&post=8030"},{"taxonomy":"post_tag","embeddable":true,"href":"https:\/\/st-aignan-st-pierre.fr\/index.php?rest_route=%2Fwp%2Fv2%2Ftags&post=8030"}],"curies":[{"name":"wp","href":"https:\/\/api.w.org\/{rel}","templated":true}]}}