{"id":8034,"date":"2025-11-08T17:25:42","date_gmt":"2025-11-08T16:25:42","guid":{"rendered":"https:\/\/st-aignan-st-pierre.fr\/?p=8034"},"modified":"2026-01-21T17:45:30","modified_gmt":"2026-01-21T16:45:30","slug":"elections-du-conseil-municipal-des-enfants","status":"publish","type":"post","link":"https:\/\/st-aignan-st-pierre.fr\/?p=8034","title":{"rendered":"Elections du Conseil Municipal des Enfants"},"content":{"rendered":"<p>Tous les ans dans la classe des CM1\/CM2 ,un ou deux CM2 sont \u00e9lus.<br \/>\n\u00c7a dure jusqu\u2019en 6\u00e8me puis c\u2019est fini.<br \/>\nOn vote puis on visite la mairie.<br \/>\nDans l\u2019ann\u00e9e il y a exactement 11 r\u00e9unions de dix heures \u00e0 midi.<br \/>\nCette ann\u00e9e,les \u00e9lus vont \u00e0 Paris pour la sortie citoyenne.<br \/>\nA la fin de chaque r\u00e9union, les \u00e9lus ont un go\u00fbter.<br \/>\nLes enfants du CME passent au journal de St Aignan de Grand Lieu.&nbsp;<\/p>\n<p><em>Article r\u00e9dig\u00e9 par Rapha\u00ebl, Jules T. et Robin.<\/em><\/p>\n<p><a href=\"https:\/\/st-aignan-st-pierre.fr\/wp-content\/uploads\/2026\/01\/20251107_ELECTION_CME-68-scaled.jpg\"><img loading=\"lazy\" decoding=\"async\" class=\"alignnone size-medium wp-image-8035\" src=\"https:\/\/st-aignan-st-pierre.fr\/wp-content\/uploads\/2026\/01\/20251107_ELECTION_CME-68-300x200.jpg\" alt=\"\" width=\"300\" height=\"200\" srcset=\"https:\/\/st-aignan-st-pierre.fr\/wp-content\/uploads\/2026\/01\/20251107_ELECTION_CME-68-300x200.jpg 300w, https:\/\/st-aignan-st-pierre.fr\/wp-content\/uploads\/2026\/01\/20251107_ELECTION_CME-68-1024x683.jpg 1024w, https:\/\/st-aignan-st-pierre.fr\/wp-content\/uploads\/2026\/01\/20251107_ELECTION_CME-68-768x512.jpg 768w, https:\/\/st-aignan-st-pierre.fr\/wp-content\/uploads\/2026\/01\/20251107_ELECTION_CME-68-1536x1024.jpg 1536w, https:\/\/st-aignan-st-pierre.fr\/wp-content\/uploads\/2026\/01\/20251107_ELECTION_CME-68-2048x1366.jpg 2048w, https:\/\/st-aignan-st-pierre.fr\/wp-content\/uploads\/2026\/01\/20251107_ELECTION_CME-68-1620x1080.jpg 1620w, https:\/\/st-aignan-st-pierre.fr\/wp-content\/uploads\/2026\/01\/20251107_ELECTION_CME-68-272x182.jpg 272w\" sizes=\"(max-width: 300px) 100vw, 300px\" \/><\/a> <a href=\"https:\/\/st-aignan-st-pierre.fr\/wp-content\/uploads\/2026\/01\/20251107_ELECTION_CME-87-scaled.jpg\"><img loading=\"lazy\" decoding=\"async\" class=\"alignnone size-medium wp-image-8036\" src=\"https:\/\/st-aignan-st-pierre.fr\/wp-content\/uploads\/2026\/01\/20251107_ELECTION_CME-87-300x200.jpg\" alt=\"\" width=\"300\" height=\"200\" srcset=\"https:\/\/st-aignan-st-pierre.fr\/wp-content\/uploads\/2026\/01\/20251107_ELECTION_CME-87-300x200.jpg 300w, https:\/\/st-aignan-st-pierre.fr\/wp-content\/uploads\/2026\/01\/20251107_ELECTION_CME-87-1024x683.jpg 1024w, https:\/\/st-aignan-st-pierre.fr\/wp-content\/uploads\/2026\/01\/20251107_ELECTION_CME-87-768x512.jpg 768w, https:\/\/st-aignan-st-pierre.fr\/wp-content\/uploads\/2026\/01\/20251107_ELECTION_CME-87-1536x1024.jpg 1536w, https:\/\/st-aignan-st-pierre.fr\/wp-content\/uploads\/2026\/01\/20251107_ELECTION_CME-87-2048x1365.jpg 2048w, https:\/\/st-aignan-st-pierre.fr\/wp-content\/uploads\/2026\/01\/20251107_ELECTION_CME-87-1620x1080.jpg 1620w, https:\/\/st-aignan-st-pierre.fr\/wp-content\/uploads\/2026\/01\/20251107_ELECTION_CME-87-272x182.jpg 272w\" sizes=\"(max-width: 300px) 100vw, 300px\" \/><\/a> <a href=\"https:\/\/st-aignan-st-pierre.fr\/wp-content\/uploads\/2026\/01\/20251107_ELECTION_CME-41-scaled.jpg\"><img loading=\"lazy\" decoding=\"async\" class=\"alignnone size-medium wp-image-8037\" src=\"https:\/\/st-aignan-st-pierre.fr\/wp-content\/uploads\/2026\/01\/20251107_ELECTION_CME-41-300x200.jpg\" alt=\"\" width=\"300\" height=\"200\" srcset=\"https:\/\/st-aignan-st-pierre.fr\/wp-content\/uploads\/2026\/01\/20251107_ELECTION_CME-41-300x200.jpg 300w, https:\/\/st-aignan-st-pierre.fr\/wp-content\/uploads\/2026\/01\/20251107_ELECTION_CME-41-1024x683.jpg 1024w, https:\/\/st-aignan-st-pierre.fr\/wp-content\/uploads\/2026\/01\/20251107_ELECTION_CME-41-768x512.jpg 768w, https:\/\/st-aignan-st-pierre.fr\/wp-content\/uploads\/2026\/01\/20251107_ELECTION_CME-41-1536x1024.jpg 1536w, https:\/\/st-aignan-st-pierre.fr\/wp-content\/uploads\/2026\/01\/20251107_ELECTION_CME-41-2048x1365.jpg 2048w, https:\/\/st-aignan-st-pierre.fr\/wp-content\/uploads\/2026\/01\/20251107_ELECTION_CME-41-1620x1080.jpg 1620w, https:\/\/st-aignan-st-pierre.fr\/wp-content\/uploads\/2026\/01\/20251107_ELECTION_CME-41-272x182.jpg 272w\" sizes=\"(max-width: 300px) 100vw, 300px\" \/><\/a><\/p>\n","protected":false},"excerpt":{"rendered":"<p>Tous les ans dans la classe des CM1\/CM2 ,un ou deux CM2 sont \u00e9lus. \u00c7a dure jusqu\u2019en 6\u00e8me puis c\u2019est fini. On vote puis on visite la mairie. Dans l\u2019ann\u00e9e il y a exactement 11 r\u00e9unions de dix heures \u00e0 midi. Cette ann\u00e9e,les \u00e9lus vont \u00e0 Paris pour la sortie citoyenne. A la fin de&hellip; <br \/> <a class=\"read-more\" href=\"https:\/\/st-aignan-st-pierre.fr\/?p=8034\">Lire la suite<\/a><\/p>\n","protected":false},"author":10,"featured_media":8035,"comment_status":"closed","ping_status":"closed","sticky":false,"template":"","format":"standard","meta":{"_monsterinsights_skip_tracking":false,"_monsterinsights_sitenote_active":false,"_monsterinsights_sitenote_note":"","_monsterinsights_sitenote_category":0,"ngg_post_thumbnail":0,"footnotes":""},"categories":[7],"tags":[],"class_list":["post-8034","post","type-post","status-publish","format-standard","has-post-thumbnail","hentry","category-cm1cm2"],"_links":{"self":[{"href":"https:\/\/st-aignan-st-pierre.fr\/index.php?rest_route=\/wp\/v2\/posts\/8034"}],"collection":[{"href":"https:\/\/st-aignan-st-pierre.fr\/index.php?rest_route=\/wp\/v2\/posts"}],"about":[{"href":"https:\/\/st-aignan-st-pierre.fr\/index.php?rest_route=\/wp\/v2\/types\/post"}],"author":[{"embeddable":true,"href":"https:\/\/st-aignan-st-pierre.fr\/index.php?rest_route=\/wp\/v2\/users\/10"}],"replies":[{"embeddable":true,"href":"https:\/\/st-aignan-st-pierre.fr\/index.php?rest_route=%2Fwp%2Fv2%2Fcomments&post=8034"}],"version-history":[{"count":3,"href":"https:\/\/st-aignan-st-pierre.fr\/index.php?rest_route=\/wp\/v2\/posts\/8034\/revisions"}],"predecessor-version":[{"id":8040,"href":"https:\/\/st-aignan-st-pierre.fr\/index.php?rest_route=\/wp\/v2\/posts\/8034\/revisions\/8040"}],"wp:featuredmedia":[{"embeddable":true,"href":"https:\/\/st-aignan-st-pierre.fr\/index.php?rest_route=\/wp\/v2\/media\/8035"}],"wp:attachment":[{"href":"https:\/\/st-aignan-st-pierre.fr\/index.php?rest_route=%2Fwp%2Fv2%2Fmedia&parent=8034"}],"wp:term":[{"taxonomy":"category","embeddable":true,"href":"https:\/\/st-aignan-st-pierre.fr\/index.php?rest_route=%2Fwp%2Fv2%2Fcategories&post=8034"},{"taxonomy":"post_tag","embeddable":true,"href":"https:\/\/st-aignan-st-pierre.fr\/index.php?rest_route=%2Fwp%2Fv2%2Ftags&post=8034"}],"curies":[{"name":"wp","href":"https:\/\/api.w.org\/{rel}","templated":true}]}}